{"html":"<div class=\"grid-item col col-12 col-md-4\" data-category=\"coronavirus-info\">\n            <a href=\"\/articol\/vaccinul-pfizer-a-primit-autorizare-definitiva-in-sua\" class=\"grid-button btn color-1-background color-1-border\">Coronavirus Info<\/a>\n            <div class=\"img-ie-container\">\n                                                        <a href=\"\/articol\/vaccinul-pfizer-a-primit-autorizare-definitiva-in-sua\"><div class=\"image-article\" style=\"background:url( https:\/\/media1-prd-eu1.onlinefiles.info\/4d81d3bd\/18d80423\/018b6a49\/dc87c137\/media\/resized\/1295\/photo-studiu-medlife-privind-intentia-de-vaccinare_7a7d2e6f.jpg ); width: 100%;\">\n                        <\/div><\/a>\n                                                                    <\/div>\n                            <a href=\"\/articol\/vaccinul-pfizer-a-primit-autorizare-definitiva-in-sua\" class=\"article-title\">Vaccinul Pfizer a primit autorizare definitiv\u0103 \u00een SUA<\/a>\n                                                \n        <\/div>\n            <div class=\"grid-item col col-12 col-md-4\" data-category=\"coronavirus-info\">\n            <a href=\"\/articol\/studiu-medlife-dupa-6-luni-de-la-rapel-raspunsul-imun-post-vaccin-ramane-puternic-eficienta-vaccinului-fiind-in-continuare-la-un-nivel-ridicat\" class=\"grid-button btn color-1-background color-1-border\">Coronavirus Info<\/a>\n            <div class=\"img-ie-container\">\n                                                        <a href=\"\/articol\/studiu-medlife-dupa-6-luni-de-la-rapel-raspunsul-imun-post-vaccin-ramane-puternic-eficienta-vaccinului-fiind-in-continuare-la-un-nivel-ridicat\"><div class=\"image-article\" style=\"background:url( https:\/\/media1-prd-eu1.onlinefiles.info\/4d81d3bd\/18d80423\/018b6a49\/dc87c137\/media\/resized\/1295\/studiu-medlife-grafic1-0_e9dfb3c7.png ); width: 100%;\">\n                        <\/div><\/a>\n                                                                    <\/div>\n                            <a href=\"\/articol\/studiu-medlife-dupa-6-luni-de-la-rapel-raspunsul-imun-post-vaccin-ramane-puternic-eficienta-vaccinului-fiind-in-continuare-la-un-nivel-ridicat\" class=\"article-title\">Studiu MedLife: Dup\u0103 6 luni de la rapel, r\u0103spunsul imun post v...<\/a>\n                                                \n        <\/div>\n            <div class=\"grid-item col col-12 col-md-4\" data-category=\"coronavirus-info\">\n            <a href=\"\/articol\/certificatul-digital-covid-19-pentru-calatoriile-in-ue-in-vigoare-de-la-1-iulie\" class=\"grid-button btn color-1-background color-1-border\">Coronavirus Info<\/a>\n            <div class=\"img-ie-container\">\n                                                        <a href=\"\/articol\/certificatul-digital-covid-19-pentru-calatoriile-in-ue-in-vigoare-de-la-1-iulie\"><div class=\"image-article\" style=\"background:url( https:\/\/media1-prd-eu1.onlinefiles.info\/4d81d3bd\/18d80423\/018b6a49\/dc87c137\/media\/resized\/1295\/204001236-1468903976797696-6809960601833660964-n_f8e9ae28.jpg ); width: 100%;\">\n                        <\/div><\/a>\n                                                                    <\/div>\n                            <a href=\"\/articol\/certificatul-digital-covid-19-pentru-calatoriile-in-ue-in-vigoare-de-la-1-iulie\" class=\"article-title\">Certificatul digital COVID-19 pentru c\u0103l\u0103toriile \u00een UE, \u00een vig...<\/a>\n                                                \n        <\/div>\n            <div class=\"grid-item col col-12 col-md-4\" data-category=\"coronavirus-info\">\n            <a href=\"\/articol\/testarea-rapida-in-farmacii-pentru-depistarea-covid-19-aprobata-de-ministerul-sanatatii\" class=\"grid-button btn color-1-background color-1-border\">Coronavirus Info<\/a>\n            <div class=\"img-ie-container\">\n                                                        <a href=\"\/articol\/testarea-rapida-in-farmacii-pentru-depistarea-covid-19-aprobata-de-ministerul-sanatatii\"><div class=\"image-article\" style=\"background:url( https:\/\/media1-prd-eu1.onlinefiles.info\/4d81d3bd\/18d80423\/018b6a49\/dc87c137\/media\/resized\/1295\/photo-1599493758267-c6c884c7071f_38bad4dc.jpg ); width: 100%;\">\n                        <\/div><\/a>\n                                                                    <\/div>\n                            <a href=\"\/articol\/testarea-rapida-in-farmacii-pentru-depistarea-covid-19-aprobata-de-ministerul-sanatatii\" class=\"article-title\">Testarea rapid\u0103 \u00een farmacii pentru depistarea COVID-19, aproba...<\/a>\n                                                \n        <\/div>\n            <div class=\"grid-item col col-12 col-md-4\" data-category=\"coronavirus-info\">\n            <a href=\"\/articol\/studiu-medlife-privind-intentia-de-vaccinare\" class=\"grid-button btn color-1-background color-1-border\">Coronavirus Info<\/a>\n            <div class=\"img-ie-container\">\n                                                        <a href=\"\/articol\/studiu-medlife-privind-intentia-de-vaccinare\"><div class=\"image-article\" style=\"background:url( https:\/\/media1-prd-eu1.onlinefiles.info\/4d81d3bd\/18d80423\/018b6a49\/dc87c137\/media\/resized\/1295\/photo-studiu-medlife-privind-intentia-de-vaccinare_7a7d2e6f.jpg ); width: 100%;\">\n                        <\/div><\/a>\n                                                                    <\/div>\n                            <a href=\"\/articol\/studiu-medlife-privind-intentia-de-vaccinare\" class=\"article-title\">Studiu MedLife privind intentia de vaccinare<\/a>\n                                                \n        <\/div>\n            <div class=\"grid-item col col-12 col-md-4\" data-category=\"coronavirus-info\">\n            <a href=\"\/articol\/studiu-medlife-privind-raspunsul-imun-al-organismului-dupa-vaccinarea-anti-covid-19\" class=\"grid-button btn color-1-background color-1-border\">Coronavirus Info<\/a>\n            <div class=\"img-ie-container\">\n                                                        <a href=\"\/articol\/studiu-medlife-privind-raspunsul-imun-al-organismului-dupa-vaccinarea-anti-covid-19\"><div class=\"image-article\" style=\"background:url( https:\/\/media1-prd-eu1.onlinefiles.info\/4d81d3bd\/18d80423\/018b6a49\/dc87c137\/media\/resized\/1295\/img-3967_ca2334e7.jpg ); width: 100%;\">\n                        <\/div><\/a>\n                                                                    <\/div>\n                            <a href=\"\/articol\/studiu-medlife-privind-raspunsul-imun-al-organismului-dupa-vaccinarea-anti-covid-19\" class=\"article-title\">Studiu MedLife privind raspunsul imun al organismului dup\u0103 vac...<\/a>\n                                                \n        <\/div>\n            <div class=\"grid-item col col-12 col-md-4\" data-category=\"coronavirus-info\">\n            <a href=\"\/articol\/consiliere-psihologica-telefonica-gratuita-pentru-persoanele-aflate-in-carantina-sau-izolare\" class=\"grid-button btn color-1-background color-1-border\">Coronavirus Info<\/a>\n            <div class=\"img-ie-container\">\n                                                        <a href=\"\/articol\/consiliere-psihologica-telefonica-gratuita-pentru-persoanele-aflate-in-carantina-sau-izolare\"><div class=\"image-article\" style=\"background:url( https:\/\/media1-prd-eu1.onlinefiles.info\/4d81d3bd\/18d80423\/018b6a49\/dc87c137\/media\/resized\/1295\/article-3-af1f009e-a1_4a773fa6.jpg ); width: 100%;\">\n                        <\/div><\/a>\n                                                                    <\/div>\n                            <a href=\"\/articol\/consiliere-psihologica-telefonica-gratuita-pentru-persoanele-aflate-in-carantina-sau-izolare\" class=\"article-title\">Consiliere psihologic\u0103 telefonic\u0103 gratuit\u0103 pentru persoanele a...<\/a>\n                                                \n        <\/div>\n            <div class=\"grid-item col col-12 col-md-4\" data-category=\"coronavirus-info\">\n            <a href=\"\/articol\/cazurile-first-few-x-ffx-si-protocolul-de-investigare-a-contactului-pentru-infectia-cu-coronavirusul-nou-2019-ncov\" class=\"grid-button btn color-1-background color-1-border\">Coronavirus Info<\/a>\n            <div class=\"img-ie-container\">\n                                                        <a href=\"\/articol\/cazurile-first-few-x-ffx-si-protocolul-de-investigare-a-contactului-pentru-infectia-cu-coronavirusul-nou-2019-ncov\"><div class=\"image-article\" style=\"background:url( https:\/\/media1-prd-eu1.onlinefiles.info\/4d81d3bd\/18d80423\/018b6a49\/dc87c137\/media\/resized\/1295\/article-3-5c_e344e976.jpg ); width: 100%;\">\n                        <\/div><\/a>\n                                                                    <\/div>\n                            <a href=\"\/articol\/cazurile-first-few-x-ffx-si-protocolul-de-investigare-a-contactului-pentru-infectia-cu-coronavirusul-nou-2019-ncov\" class=\"article-title\">Cazurile First Few X (FFX) \u0219i protocolul de investigare a cont...<\/a>\n                                                \n        <\/div>\n            <div class=\"grid-item col col-12 col-md-4\" data-category=\"coronavirus-info\">\n            <a href=\"\/articol\/sfaturi-pentru-public-mituri-despre-coronavirus-2019-ncov-myth-busters\" class=\"grid-button btn color-1-background color-1-border\">Coronavirus Info<\/a>\n            <div class=\"img-ie-container\">\n                                                        <a href=\"\/articol\/sfaturi-pentru-public-mituri-despre-coronavirus-2019-ncov-myth-busters\"><div class=\"image-article\" style=\"background:url( https:\/\/media1-prd-eu1.onlinefiles.info\/4d81d3bd\/18d80423\/018b6a49\/dc87c137\/media\/resized\/1295\/animalele-nu-raspandesc-coronavirus-34_611b5c73.png ); width: 100%;\">\n                        <\/div><\/a>\n                                                                    <\/div>\n                            <a href=\"\/articol\/sfaturi-pentru-public-mituri-despre-coronavirus-2019-ncov-myth-busters\" class=\"article-title\">Sfaturi pentru public, mituri despre Coronavirus (2019-nCoV \u2013 ...<\/a>\n                                                \n        <\/div>\n    ","load_more_url":"\/articole\/coronavirus-info\/3?is_ajax=1&include_subcategories=1"}