{"html":"<div class=\"grid-item col col-12 col-md-4\" data-category=\"evenimente\">\n            <a href=\"\/articol\/colegiul-pacientilor-la-dezbaterea-viitorul-medicinei-dentare-din-romania-provocari-si-perspective\" class=\"grid-button btn color-1-background color-1-border\">Evenimente<\/a>\n            <div class=\"img-ie-container\">\n                                                        <a href=\"\/articol\/colegiul-pacientilor-la-dezbaterea-viitorul-medicinei-dentare-din-romania-provocari-si-perspective\"><div class=\"image-article\" style=\"background:url( https:\/\/media1-prd-eu1.onlinefiles.info\/4d81d3bd\/18d80423\/018b6a49\/dc87c137\/media\/resized\/1295\/forum1_bbc07fe0.jpg ); width: 100%;\">\n                        <\/div><\/a>\n                                                                    <\/div>\n                            <a href=\"\/articol\/colegiul-pacientilor-la-dezbaterea-viitorul-medicinei-dentare-din-romania-provocari-si-perspective\" class=\"article-title\">Colegiul Pacientilor a participat la dezbaterea: Viitorul medi...<\/a>\n                                                \n        <\/div>\n            <div class=\"grid-item col col-12 col-md-4\" data-category=\"evenimente\">\n            <a href=\"\/articol\/finalizare-proiect-cod-mysmis-110676\" class=\"grid-button btn color-1-background color-1-border\">Evenimente<\/a>\n            <div class=\"img-ie-container\">\n                                                        <a href=\"\/articol\/finalizare-proiect-cod-mysmis-110676\"><div class=\"image-article\" style=\"background:url( https:\/\/media1-prd-eu1.onlinefiles.info\/4d81d3bd\/18d80423\/018b6a49\/dc87c137\/media\/resized\/1295\/f4e25a63-9ccc-4712-a242-1212482580ab-1_497dd005.jpg ); width: 100%;\">\n                        <\/div><\/a>\n                                                                    <\/div>\n                            <a href=\"\/articol\/finalizare-proiect-cod-mysmis-110676\" class=\"article-title\">Finalizare proiect- Cod MYSmis 110676<\/a>\n                                                \n        <\/div>\n            <div class=\"grid-item col col-12 col-md-4\" data-category=\"evenimente\">\n            <a href=\"\/articol\/14-iunie-ziua-mondiala-a-donatorului-de-sange\" class=\"grid-button btn color-1-background color-1-border\">Evenimente<\/a>\n            <div class=\"img-ie-container\">\n                                                        <a href=\"\/articol\/14-iunie-ziua-mondiala-a-donatorului-de-sange\"><div class=\"image-article\" style=\"background:url( https:\/\/media1-prd-eu1.onlinefiles.info\/4d81d3bd\/18d80423\/018b6a49\/dc87c137\/media\/resized\/1295\/campanie-donare-de-sange_d7cd0481.jpg ); width: 100%;\">\n                        <\/div><\/a>\n                                                                    <\/div>\n                            <a href=\"\/articol\/14-iunie-ziua-mondiala-a-donatorului-de-sange\" class=\"article-title\">14 iunie- Ziua mondiala a donatorului de sange<\/a>\n                                                \n        <\/div>\n            <div class=\"grid-item col col-12 col-md-4\" data-category=\"evenimente\">\n            <a href=\"\/articol\/peste-100-de-medici-au-participat-la-fiscomed-bucuresti-2018\" class=\"grid-button btn color-1-background color-1-border\">Evenimente<\/a>\n            <div class=\"img-ie-container\">\n                                                        <a href=\"\/articol\/peste-100-de-medici-au-participat-la-fiscomed-bucuresti-2018\"><div class=\"image-article\" style=\"background:url( https:\/\/media1-prd-eu1.onlinefiles.info\/4d81d3bd\/18d80423\/018b6a49\/dc87c137\/media\/resized\/1295\/fiscomed-2018-bucuresti-dorin-rata-organizator-1_64674660.jpeg ); width: 100%;\">\n                        <\/div><\/a>\n                                                                    <\/div>\n                            <a href=\"\/articol\/peste-100-de-medici-au-participat-la-fiscomed-bucuresti-2018\" class=\"article-title\">Peste 100 de medici au participat la Fiscomed Bucuresti 2018<\/a>\n                                                \n        <\/div>\n            <div class=\"grid-item col col-12 col-md-4\" data-category=\"evenimente\">\n            <a href=\"\/articol\/colegiul-pacientilor-din-caras-severin-promoveaza-miscarea-chiar-si-la-birou\" class=\"grid-button btn color-1-background color-1-border\">Evenimente<\/a>\n            <div class=\"img-ie-container\">\n                                                        <a href=\"\/articol\/colegiul-pacientilor-din-caras-severin-promoveaza-miscarea-chiar-si-la-birou\"><div class=\"image-article\" style=\"background:url( https:\/\/media1-prd-eu1.onlinefiles.info\/4d81d3bd\/18d80423\/018b6a49\/dc87c137\/media\/resized\/1295\/colegiul-pacientilor-resita-4-1_5dc1d2c8.jpg ); width: 100%;\">\n                        <\/div><\/a>\n                                                                    <\/div>\n                            <a href=\"\/articol\/colegiul-pacientilor-din-caras-severin-promoveaza-miscarea-chiar-si-la-birou\" class=\"article-title\">Colegiul Pacien\u0163ilor din Cara\u015f-Severin promoveaz\u0103 mi\u015fcarea chi...<\/a>\n                                                \n        <\/div>\n            <div class=\"grid-item col col-12 col-md-4\" data-category=\"evenimente\">\n            <a href=\"\/articol\/med-academy-international-exhibition\" class=\"grid-button btn color-1-background color-1-border\">Evenimente<\/a>\n            <div class=\"img-ie-container\">\n                                                        <a href=\"\/articol\/med-academy-international-exhibition\"><div class=\"image-article\" style=\"background:url( https:\/\/media1-prd-eu1.onlinefiles.info\/4d81d3bd\/18d80423\/018b6a49\/dc87c137\/media\/resized\/1295\/maie-2018-300-x-250px_a35dfdf3.jpg ); width: 100%;\">\n                        <\/div><\/a>\n                                                                    <\/div>\n                            <a href=\"\/articol\/med-academy-international-exhibition\" class=\"article-title\">Med Academy International Exhibition<\/a>\n                                                \n        <\/div>\n            <div class=\"grid-item col col-12 col-md-4\" data-category=\"evenimente\">\n            <a href=\"\/articol\/convocare-adunare-generala-a-asociatilor\" class=\"grid-button btn color-1-background color-1-border\">Evenimente<\/a>\n            <div class=\"img-ie-container\">\n                                                        <a href=\"\/articol\/convocare-adunare-generala-a-asociatilor\"><div class=\"image-article\" style=\"background:url( https:\/\/media1-prd-eu1.onlinefiles.info\/4d81d3bd\/18d80423\/018b6a49\/dc87c137\/media\/resized\/1295\/jn-09-04-2021-anunt-cp-1_634ac654.png ); width: 100%;\">\n                        <\/div><\/a>\n                                                                    <\/div>\n                            <a href=\"\/articol\/convocare-adunare-generala-a-asociatilor\" class=\"article-title\">Convocare Adunare Generala a Asociatilor<\/a>\n                                                \n        <\/div>\n            <div class=\"grid-item col col-12 col-md-4\" data-category=\"evenimente\">\n            <a href=\"\/articol\/vino-si-voteaza-cele-mai-urgente-trei-schimbari-in-legislatia-sanatatii-pentru-urmatorii-ani-cluj-napoca-21-martie-2019\" class=\"grid-button btn color-1-background color-1-border\">Evenimente<\/a>\n            <div class=\"img-ie-container\">\n                                                        <a href=\"\/articol\/vino-si-voteaza-cele-mai-urgente-trei-schimbari-in-legislatia-sanatatii-pentru-urmatorii-ani-cluj-napoca-21-martie-2019\"><div class=\"image-article\" style=\"background:url( https:\/\/media1-prd-eu1.onlinefiles.info\/4d81d3bd\/18d80423\/018b6a49\/dc87c137\/media\/resized\/1295\/eveniment2-63_9a0d8e10.jpg ); width: 100%;\">\n                        <\/div><\/a>\n                                                                    <\/div>\n                            <a href=\"\/articol\/vino-si-voteaza-cele-mai-urgente-trei-schimbari-in-legislatia-sanatatii-pentru-urmatorii-ani-cluj-napoca-21-martie-2019\" class=\"article-title\">Vino si voteaza cele mai urgente trei schimbari in legislatia ...<\/a>\n                                                \n        <\/div>\n            <div class=\"grid-item col col-12 col-md-4\" data-category=\"evenimente\">\n            <a href=\"\/articol\/medicina-stilului-de-viata-rol-cheie-in-tratamentul-bolilor-cronice\" class=\"grid-button btn color-1-background color-1-border\">Evenimente<\/a>\n            <div class=\"img-ie-container\">\n                                                        <a href=\"\/articol\/medicina-stilului-de-viata-rol-cheie-in-tratamentul-bolilor-cronice\"><div class=\"image-article\" style=\"background:url( https:\/\/media1-prd-eu1.onlinefiles.info\/4d81d3bd\/18d80423\/018b6a49\/dc87c137\/media\/resized\/1295\/eveniment5-8d_f36e1f53.jpg ); width: 100%;\">\n                        <\/div><\/a>\n                                                                    <\/div>\n                            <a href=\"\/articol\/medicina-stilului-de-viata-rol-cheie-in-tratamentul-bolilor-cronice\" class=\"article-title\">Medicina Stilului de Via\u021b\u0103 Rol Cheie \u00een Tratamentul Bolilor Cr...<\/a>\n                                                \n        <\/div>\n    ","load_more_url":"\/articole\/evenimente\/3?is_ajax=1&include_subcategories=1"}