{"html":"<div class=\"grid-item col col-12 col-md-4\" data-category=\"implica-te\">\n            <a href=\"\/articol\/consiliere-psihologica-telefonica-gratuita-pentru-persoanele-aflate-in-carantina-sau-izolare\" class=\"grid-button btn color-1-background color-1-border\">Implic\u0103-te<\/a>\n            <div class=\"img-ie-container\">\n                                                        <a href=\"\/articol\/consiliere-psihologica-telefonica-gratuita-pentru-persoanele-aflate-in-carantina-sau-izolare\"><div class=\"image-article\" style=\"background:url( https:\/\/media1-prd-eu1.onlinefiles.info\/4d81d3bd\/18d80423\/018b6a49\/dc87c137\/media\/resized\/1295\/article-3-af1f009e-a1_4a773fa6.jpg ); width: 100%;\">\n                        <\/div><\/a>\n                                                                    <\/div>\n                            <a href=\"\/articol\/consiliere-psihologica-telefonica-gratuita-pentru-persoanele-aflate-in-carantina-sau-izolare\" class=\"article-title\">Consiliere psihologic\u0103 telefonic\u0103 gratuit\u0103 pentru persoanele a...<\/a>\n                                                \n        <\/div>\n            <div class=\"grid-item col col-12 col-md-4\" data-category=\"implica-te\">\n            <a href=\"\/articol\/invita-un-prieten\" class=\"grid-button btn color-1-background color-1-border\">Implic\u0103-te<\/a>\n            <div class=\"img-ie-container\">\n                                                        <a href=\"\/articol\/invita-un-prieten\"><div class=\"image-article\" style=\"background:url( https:\/\/media1-prd-eu1.onlinefiles.info\/4d81d3bd\/18d80423\/018b6a49\/dc87c137\/media\/resized\/1295\/article-3-08_6b9dad18.jpg ); width: 100%;\">\n                        <\/div><\/a>\n                                                                    <\/div>\n                            <a href=\"\/articol\/invita-un-prieten\" class=\"article-title\">Invit\u0103 un prieten!<\/a>\n                                                \n        <\/div>\n            <div class=\"grid-item col col-12 col-md-4\" data-category=\"implica-te\">\n            <a href=\"\/articol\/medlife-a-identificat-primele-cazuri-de-infectare-cu-tulpina-sud-africana-in-romania\" class=\"grid-button btn color-1-background color-1-border\">Implic\u0103-te<\/a>\n            <div class=\"img-ie-container\">\n                                                        <a href=\"\/articol\/medlife-a-identificat-primele-cazuri-de-infectare-cu-tulpina-sud-africana-in-romania\"><div class=\"image-article\" style=\"background:url( https:\/\/media1-prd-eu1.onlinefiles.info\/4d81d3bd\/18d80423\/018b6a49\/dc87c137\/media\/resized\/1295\/colegiul-pacientilor-imunitate-e1585171891561-201f3f7f-e7_646bf4ae.jpg ); width: 100%;\">\n                        <\/div><\/a>\n                                                                    <\/div>\n                            <a href=\"\/articol\/medlife-a-identificat-primele-cazuri-de-infectare-cu-tulpina-sud-africana-in-romania\" class=\"article-title\">MedLife a identificat primele cazuri de infectare cu tulpina s...<\/a>\n                                                \n        <\/div>\n    ","load_more_url":""}